{"id":1040,"date":"2024-03-18T16:30:40","date_gmt":"2024-03-18T13:30:40","guid":{"rendered":"https:\/\/kuldigassenioruskola.lv\/?p=1040"},"modified":"2024-03-18T16:30:42","modified_gmt":"2024-03-18T13:30:42","slug":"iepazistam-latvijas-senioru-kopienu-apvienibas-pieredzi","status":"publish","type":"post","link":"http:\/\/kuldigassenioruskola.lv\/index.php\/2024\/03\/18\/iepazistam-latvijas-senioru-kopienu-apvienibas-pieredzi\/","title":{"rendered":"Iepaz\u012bstam \u201cLatvijas Senioru kopienu apvien\u012bbas\u201d pieredzi"},"content":{"rendered":"\n<p><strong><em>Ekskursija\u00a0 R\u012bgas Pil\u012b , un Melngalvju nam\u0101.<\/em><\/strong><\/p>\n\n\n\n<p>9.marta r\u012bt\u0101 60 Kuld\u012bgas Senioru skolas dal\u012bbnieki dev\u0101s ekskursij\u0101 uz R\u012bgu. Vispirms iepazin\u0101m\u00a0 m\u016bsu draugu un sadarb\u012bbas partneru, biedr\u012bbas \u201cLatvijas Senioru kopienu apvien\u012bba\u201d pieredzi darb\u0101 ar senioriem. Iepazin\u0101m Sv\u0113t\u0101s \u0122imenes M\u0101ju, priec\u0101j\u0101mies par skaisti un m\u0101j\u012bgi iek\u0101rtotaj\u0101m telp\u0101m, klaus\u012bj\u0101mies st\u0101st\u012bjum\u0101 par biedr\u012bbas pieredzi un ikdienu.<\/p>\n\n\n\n<figure class=\"wp-block-image size-large\"><img loading=\"lazy\" decoding=\"async\" width=\"472\" height=\"1024\" src=\"https:\/\/kuldigassenioruskola.lv\/wp-content\/uploads\/2024\/03\/savien_5-472x1024.jpg\" alt=\"\" class=\"wp-image-1041\" srcset=\"http:\/\/kuldigassenioruskola.lv\/wp-content\/uploads\/2024\/03\/savien_5-472x1024.jpg 472w, http:\/\/kuldigassenioruskola.lv\/wp-content\/uploads\/2024\/03\/savien_5-138x300.jpg 138w, http:\/\/kuldigassenioruskola.lv\/wp-content\/uploads\/2024\/03\/savien_5-708x1536.jpg 708w, http:\/\/kuldigassenioruskola.lv\/wp-content\/uploads\/2024\/03\/savien_5.jpg 738w\" sizes=\"auto, (max-width: 472px) 100vw, 472px\" \/><\/figure>\n\n\n\n<figure class=\"wp-block-image size-large\"><img loading=\"lazy\" decoding=\"async\" width=\"472\" height=\"1024\" src=\"https:\/\/kuldigassenioruskola.lv\/wp-content\/uploads\/2024\/03\/savien_1-472x1024.jpg\" alt=\"\" class=\"wp-image-1042\" srcset=\"http:\/\/kuldigassenioruskola.lv\/wp-content\/uploads\/2024\/03\/savien_1-472x1024.jpg 472w, http:\/\/kuldigassenioruskola.lv\/wp-content\/uploads\/2024\/03\/savien_1-138x300.jpg 138w, http:\/\/kuldigassenioruskola.lv\/wp-content\/uploads\/2024\/03\/savien_1-708x1536.jpg 708w, http:\/\/kuldigassenioruskola.lv\/wp-content\/uploads\/2024\/03\/savien_1.jpg 737w\" sizes=\"auto, (max-width: 472px) 100vw, 472px\" \/><\/figure>\n\n\n\n<figure class=\"wp-block-image size-large\"><img loading=\"lazy\" decoding=\"async\" width=\"472\" height=\"1024\" src=\"https:\/\/kuldigassenioruskola.lv\/wp-content\/uploads\/2024\/03\/savien_4-472x1024.jpg\" alt=\"\" class=\"wp-image-1043\" srcset=\"http:\/\/kuldigassenioruskola.lv\/wp-content\/uploads\/2024\/03\/savien_4-472x1024.jpg 472w, http:\/\/kuldigassenioruskola.lv\/wp-content\/uploads\/2024\/03\/savien_4-138x300.jpg 138w, http:\/\/kuldigassenioruskola.lv\/wp-content\/uploads\/2024\/03\/savien_4-708x1536.jpg 708w, http:\/\/kuldigassenioruskola.lv\/wp-content\/uploads\/2024\/03\/savien_4.jpg 738w\" sizes=\"auto, (max-width: 472px) 100vw, 472px\" \/><\/figure>\n\n\n\n<p>N\u0101kamais apskates objekts bija Valsts prezidenta rezidence \u2013 R\u012bgas pils. R\u012bgas pils pamatakmens likts 1330.gada 15.j\u016bnij\u0101. Pils vair\u0101kk\u0101rt nopost\u012bta, piedz\u012bvojusi ar\u012b p\u0101rb\u016bves. P\u0113d\u0113j\u0101 v\u0113rien\u012bg\u0101 atjauno\u0161ana tika veikta Latvijas simtgades priek\u0161vakar\u0101, kad visas telpas atjaunoja v\u0113sturiskaj\u0101 izskat\u0101, t\u0101s piem\u0113rojot m\u016bsdienu pras\u012bb\u0101m. Ekskursiju vad\u012bja Valsts prezidenta kancelejas darbiniece, kura pied\u0101v\u0101ja izmantot ar\u012b audiogidu, apskatot R\u012bgas pils reprezent\u0101cijas z\u0101les un telpas: D\u0101vanu z\u0101li, Sv\u0113tku z\u0101li, S\u016bt\u0146u akredit\u0101cijas z\u0101li, Balto z\u0101li, \u0122erbo\u0146u z\u0101li, Za\u013co z\u0101li, R\u012bgas istabu, \u010cakstes kabinetu, Sv\u0113tku salonu, D\u0101mu salonu un Kungu salonu. Stundas laik\u0101 pasp\u0113j\u0101m izstaig\u0101t visas z\u0101les un salonus, sa\u0146\u0113m\u0101m atbildes uz jaut\u0101jumiem un fotograf\u0113j\u0101mies gan kop\u0101, gan individu\u0101li.<\/p>\n\n\n\n<figure class=\"wp-block-image size-large\"><img loading=\"lazy\" decoding=\"async\" width=\"1024\" height=\"768\" src=\"https:\/\/kuldigassenioruskola.lv\/wp-content\/uploads\/2024\/03\/prezid_p_1-1-1024x768.jpg\" alt=\"\" class=\"wp-image-1045\" srcset=\"http:\/\/kuldigassenioruskola.lv\/wp-content\/uploads\/2024\/03\/prezid_p_1-1-1024x768.jpg 1024w, http:\/\/kuldigassenioruskola.lv\/wp-content\/uploads\/2024\/03\/prezid_p_1-1-300x225.jpg 300w, http:\/\/kuldigassenioruskola.lv\/wp-content\/uploads\/2024\/03\/prezid_p_1-1-768x576.jpg 768w, http:\/\/kuldigassenioruskola.lv\/wp-content\/uploads\/2024\/03\/prezid_p_1-1-1536x1152.jpg 1536w, http:\/\/kuldigassenioruskola.lv\/wp-content\/uploads\/2024\/03\/prezid_p_1-1-1200x900.jpg 1200w, http:\/\/kuldigassenioruskola.lv\/wp-content\/uploads\/2024\/03\/prezid_p_1-1.jpg 1600w\" sizes=\"auto, (max-width: 1024px) 100vw, 1024px\" \/><\/figure>\n\n\n\n<figure class=\"wp-block-image size-large is-resized\"><img loading=\"lazy\" decoding=\"async\" width=\"1024\" height=\"768\" src=\"https:\/\/kuldigassenioruskola.lv\/wp-content\/uploads\/2024\/03\/prez_p_1-1024x768.jpg\" alt=\"\" class=\"wp-image-1046\" style=\"width:610px;height:auto\" srcset=\"http:\/\/kuldigassenioruskola.lv\/wp-content\/uploads\/2024\/03\/prez_p_1-1024x768.jpg 1024w, http:\/\/kuldigassenioruskola.lv\/wp-content\/uploads\/2024\/03\/prez_p_1-300x225.jpg 300w, http:\/\/kuldigassenioruskola.lv\/wp-content\/uploads\/2024\/03\/prez_p_1-768x576.jpg 768w, http:\/\/kuldigassenioruskola.lv\/wp-content\/uploads\/2024\/03\/prez_p_1-1536x1152.jpg 1536w, http:\/\/kuldigassenioruskola.lv\/wp-content\/uploads\/2024\/03\/prez_p_1-1200x900.jpg 1200w, http:\/\/kuldigassenioruskola.lv\/wp-content\/uploads\/2024\/03\/prez_p_1.jpg 1600w\" sizes=\"auto, (max-width: 1024px) 100vw, 1024px\" \/><\/figure>\n\n\n\n<figure class=\"wp-block-image size-large\"><img loading=\"lazy\" decoding=\"async\" width=\"472\" height=\"1024\" src=\"https:\/\/kuldigassenioruskola.lv\/wp-content\/uploads\/2024\/03\/prezid_p_3-472x1024.jpg\" alt=\"\" class=\"wp-image-1047\" srcset=\"http:\/\/kuldigassenioruskola.lv\/wp-content\/uploads\/2024\/03\/prezid_p_3-472x1024.jpg 472w, http:\/\/kuldigassenioruskola.lv\/wp-content\/uploads\/2024\/03\/prezid_p_3-138x300.jpg 138w, http:\/\/kuldigassenioruskola.lv\/wp-content\/uploads\/2024\/03\/prezid_p_3-708x1536.jpg 708w, http:\/\/kuldigassenioruskola.lv\/wp-content\/uploads\/2024\/03\/prezid_p_3.jpg 738w\" sizes=\"auto, (max-width: 472px) 100vw, 472px\" \/><\/figure>\n\n\n\n<p>P\u0113d\u0113j\u0101 pietura bija Melngalvju nams, kur\u0101 v\u0113stures elpu var\u0113ja sajust ik uz so\u013ca. Nok\u0101p\u0101m viduslaiku pagrabos. Tie vien\u012bgie saglab\u0101ju\u0161ies autentiski un neskarti kop\u0161 nama uzcel\u0161anas 14. gadsimt\u0101. Pagrabos ir izvietotas materi\u0101liem bag\u0101tas ekspoz\u012bcijas, kur\u0101s var izsekot R\u012bgas v\u0113sturisk\u0101 centra izmai\u0146\u0101m gadsimtu gait\u0101, te skat\u0101mas ar\u012b Sv. Maur\u012bcija skulpt\u016bras. Izstaig\u0101jot Melngalvju namu, apl\u016bkoj\u0101m ar\u012b citas telpas \u2013 grezn\u0101s sv\u0113tku z\u0101les. Mums paveic\u0101s ar gidi Asnati, kura interesanti un azartiski st\u0101st\u012bja par nama v\u0113sturi un t\u0101 \u0161odienu. K\u0101 nama viesi, atst\u0101j\u0101m pateic\u012bbas ierakstu viesu gr\u0101mat\u0101.<\/p>\n\n\n\n<p>Braucot m\u0101jup, p\u0101rrun\u0101j\u0101m redz\u0113to un piedz\u012bvoto. Secin\u0101jums: satur\u012bgi un interesanti pavad\u012bta diena. Paldies ekskursijas pl\u0101not\u0101j\u0101m un organiz\u0113t\u0101j\u0101m&nbsp; Rutai Orlovai un Indrai Gailei. Paldies par atbalstu ar\u012b Zigr\u012bdai S\u012blei. Bet liel\u0101kais paldies&nbsp; Kuld\u012bgas Senioru skolas dal\u012bbniekiem, kas v\u0113las uzzin\u0101t ko jaunu, redz\u0113t un dzird\u0113t ko jaunu, dz\u012bvot akt\u012bvi un interesanti.<\/p>\n","protected":false},"excerpt":{"rendered":"<p>Ekskursija\u00a0 R\u012bgas Pil\u012b , un Melngalvju nam\u0101. 9.marta r\u012bt\u0101 60 Kuld\u012bgas Senioru skolas dal\u012bbnieki dev\u0101s ekskursij\u0101 uz R\u012bgu. Vispirms iepazin\u0101m\u00a0 m\u016bsu draugu un sadarb\u012bbas partneru, biedr\u012bbas \u201cLatvijas Senioru kopienu apvien\u012bba\u201d pieredzi darb\u0101 ar senioriem. Iepazin\u0101m Sv\u0113t\u0101s \u0122imenes M\u0101ju, priec\u0101j\u0101mies par skaisti un m\u0101j\u012bgi iek\u0101rtotaj\u0101m telp\u0101m, klaus\u012bj\u0101mies st\u0101st\u012bjum\u0101 par biedr\u012bbas pieredzi un ikdienu. N\u0101kamais apskates objekts [&hellip;]<\/p>\n","protected":false},"author":3,"featured_media":0,"comment_status":"closed","ping_status":"open","sticky":false,"template":"","format":"standard","meta":{"ngg_post_thumbnail":0,"footnotes":""},"categories":[10],"tags":[82],"class_list":["post-1040","post","type-post","status-publish","format-standard","hentry","category-aktivitates","tag-latvijas-senioru-kopienu-apvieniba"],"_links":{"self":[{"href":"http:\/\/kuldigassenioruskola.lv\/index.php\/wp-json\/wp\/v2\/posts\/1040","targetHints":{"allow":["GET"]}}],"collection":[{"href":"http:\/\/kuldigassenioruskola.lv\/index.php\/wp-json\/wp\/v2\/posts"}],"about":[{"href":"http:\/\/kuldigassenioruskola.lv\/index.php\/wp-json\/wp\/v2\/types\/post"}],"author":[{"embeddable":true,"href":"http:\/\/kuldigassenioruskola.lv\/index.php\/wp-json\/wp\/v2\/users\/3"}],"replies":[{"embeddable":true,"href":"http:\/\/kuldigassenioruskola.lv\/index.php\/wp-json\/wp\/v2\/comments?post=1040"}],"version-history":[{"count":1,"href":"http:\/\/kuldigassenioruskola.lv\/index.php\/wp-json\/wp\/v2\/posts\/1040\/revisions"}],"predecessor-version":[{"id":1048,"href":"http:\/\/kuldigassenioruskola.lv\/index.php\/wp-json\/wp\/v2\/posts\/1040\/revisions\/1048"}],"wp:attachment":[{"href":"http:\/\/kuldigassenioruskola.lv\/index.php\/wp-json\/wp\/v2\/media?parent=1040"}],"wp:term":[{"taxonomy":"category","embeddable":true,"href":"http:\/\/kuldigassenioruskola.lv\/index.php\/wp-json\/wp\/v2\/categories?post=1040"},{"taxonomy":"post_tag","embeddable":true,"href":"http:\/\/kuldigassenioruskola.lv\/index.php\/wp-json\/wp\/v2\/tags?post=1040"}],"curies":[{"name":"wp","href":"https:\/\/api.w.org\/{rel}","templated":true}]}}