{"id":1177,"date":"2025-04-03T09:14:14","date_gmt":"2025-04-03T06:14:14","guid":{"rendered":"https:\/\/kuldigassenioruskola.lv\/?p=1177"},"modified":"2025-12-02T16:55:52","modified_gmt":"2025-12-02T13:55:52","slug":"tiksanas-ar-radio-un-televizijas-zurnalistu-ansi-bogustovu","status":"publish","type":"post","link":"http:\/\/kuldigassenioruskola.lv\/index.php\/2025\/04\/03\/tiksanas-ar-radio-un-televizijas-zurnalistu-ansi-bogustovu\/","title":{"rendered":"Tik\u0161an\u0101s ar radio un telev\u012bzijas \u017eurn\u0101listu Ansi Bogustovu"},"content":{"rendered":"\n<figure class=\"wp-block-image size-full\"><img loading=\"lazy\" decoding=\"async\" width=\"692\" height=\"203\" src=\"https:\/\/kuldigassenioruskola.lv\/wp-content\/uploads\/2025\/04\/Logo1-1.jpg\" alt=\"\" class=\"wp-image-1363\" srcset=\"http:\/\/kuldigassenioruskola.lv\/wp-content\/uploads\/2025\/04\/Logo1-1.jpg 692w, http:\/\/kuldigassenioruskola.lv\/wp-content\/uploads\/2025\/04\/Logo1-1-300x88.jpg 300w\" sizes=\"auto, (max-width: 692px) 100vw, 692px\" \/><\/figure>\n\n\n\n<p>\u012apa\u0161a tik\u0161an\u0101s ar pieredz\u0113ju\u0161u radio un telev\u012bzijas \u017eurn\u0101listu, lai diskut\u0113tu par t\u0113mu <strong>&#8220;K\u0101 par sevi past\u0101st\u012bt sabiedr\u012bbai, politi\u0137iem un \u017eurn\u0101listiem&#8221;<\/strong>. Pas\u0101kums notika 2. apr\u012bl\u012b Kuld\u012bgas M\u0101kslas nam\u0101.<\/p>\n\n\n\n<figure class=\"wp-block-gallery has-nested-images columns-default is-cropped wp-block-gallery-1 is-layout-flex wp-block-gallery-is-layout-flex\">\n<figure class=\"wp-block-image size-large\"><img loading=\"lazy\" decoding=\"async\" width=\"1024\" height=\"768\" data-id=\"1178\" src=\"https:\/\/kuldigassenioruskola.lv\/wp-content\/uploads\/2025\/04\/IMG_20250402_120547_resized_20250402_032140754-1024x768.jpg\" alt=\"\" class=\"wp-image-1178\" srcset=\"http:\/\/kuldigassenioruskola.lv\/wp-content\/uploads\/2025\/04\/IMG_20250402_120547_resized_20250402_032140754-1024x768.jpg 1024w, http:\/\/kuldigassenioruskola.lv\/wp-content\/uploads\/2025\/04\/IMG_20250402_120547_resized_20250402_032140754-300x225.jpg 300w, http:\/\/kuldigassenioruskola.lv\/wp-content\/uploads\/2025\/04\/IMG_20250402_120547_resized_20250402_032140754-768x576.jpg 768w, http:\/\/kuldigassenioruskola.lv\/wp-content\/uploads\/2025\/04\/IMG_20250402_120547_resized_20250402_032140754.jpg 1040w\" sizes=\"auto, (max-width: 1024px) 100vw, 1024px\" \/><\/figure>\n\n\n\n<figure class=\"wp-block-image size-large\"><img loading=\"lazy\" decoding=\"async\" width=\"768\" height=\"1024\" data-id=\"1179\" src=\"https:\/\/kuldigassenioruskola.lv\/wp-content\/uploads\/2025\/04\/IMG_20250402_120509_resized_20250402_032140184-768x1024.jpg\" alt=\"\" class=\"wp-image-1179\" srcset=\"http:\/\/kuldigassenioruskola.lv\/wp-content\/uploads\/2025\/04\/IMG_20250402_120509_resized_20250402_032140184-768x1024.jpg 768w, http:\/\/kuldigassenioruskola.lv\/wp-content\/uploads\/2025\/04\/IMG_20250402_120509_resized_20250402_032140184-225x300.jpg 225w, http:\/\/kuldigassenioruskola.lv\/wp-content\/uploads\/2025\/04\/IMG_20250402_120509_resized_20250402_032140184.jpg 780w\" sizes=\"auto, (max-width: 768px) 100vw, 768px\" \/><\/figure>\n\n\n\n<figure class=\"wp-block-image size-large\"><img loading=\"lazy\" decoding=\"async\" width=\"1024\" height=\"768\" data-id=\"1180\" src=\"https:\/\/kuldigassenioruskola.lv\/wp-content\/uploads\/2025\/04\/IMG_20250402_120430_resized_20250402_032137920-1024x768.jpg\" alt=\"\" class=\"wp-image-1180\" srcset=\"http:\/\/kuldigassenioruskola.lv\/wp-content\/uploads\/2025\/04\/IMG_20250402_120430_resized_20250402_032137920-1024x768.jpg 1024w, http:\/\/kuldigassenioruskola.lv\/wp-content\/uploads\/2025\/04\/IMG_20250402_120430_resized_20250402_032137920-300x225.jpg 300w, http:\/\/kuldigassenioruskola.lv\/wp-content\/uploads\/2025\/04\/IMG_20250402_120430_resized_20250402_032137920-768x576.jpg 768w, http:\/\/kuldigassenioruskola.lv\/wp-content\/uploads\/2025\/04\/IMG_20250402_120430_resized_20250402_032137920.jpg 1040w\" sizes=\"auto, (max-width: 1024px) 100vw, 1024px\" \/><\/figure>\n<\/figure>\n\n\n\n<p>Mediju un sabiedrisko attiec\u012bbu prasmes ir noz\u012bm\u012bgas ikvienam, kur\u0161 v\u0113las, lai vi\u0146a balss tiktu sadzird\u0113ta. Senioriem ir bag\u0101ta dz\u012bves pieredze un svar\u012bgas idejas, kas var b\u016bt noder\u012bgas sabiedr\u012bbai. Ta\u010du, lai t\u0101s efekt\u012bvi nodotu pla\u0161\u0101kai publikai un l\u0113mumu pie\u0146\u0113m\u0113jiem, ir b\u016btiski izprast, k\u0101 str\u0101d\u0101 mediji un k\u0101 veidot skaidru un p\u0101rliecino\u0161u v\u0113st\u012bjumu.<\/p>\n\n\n\n<p>Pas\u0101kuma laik\u0101 tika atbild\u0113ts uz jaut\u0101jumiem-<\/p>\n\n\n\n<ul class=\"wp-block-list\">\n<li>K\u0101 veidot kontaktu ar \u017eurn\u0101listiem un piesaist\u012bt mediju uzman\u012bbu?<\/li>\n\n\n\n<li>K\u0101 efekt\u012bvi izteikt savas domas telev\u012bzij\u0101 un radio?<\/li>\n\n\n\n<li>K\u0101 izvair\u012bties no bie\u017e\u0101kaj\u0101m k\u013c\u016bd\u0101m sazi\u0146\u0101 ar medijiem?<\/li>\n\n\n\n<li>K\u0101 veidot senioru intere\u0161u aizst\u0101v\u012bbas strat\u0113\u0123iju medijos?<\/li>\n<\/ul>\n\n\n\n<p>Lai efekt\u012bvi past\u0101st\u012btu par sevi sabiedr\u012bbai, politi\u0137iem un \u017eurn\u0101listiem, j\u0101\u0146em v\u0113r\u0101 &nbsp;-k\u0101 saprotami, viegli uztverami izteikt savu viedokli, to pamatot, k\u0101 veidot pievilc\u012bgu st\u0101stu par saviem izaicin\u0101jumiem un pan\u0101kumiem, sagatavot detaliz\u0113tu un labi struktur\u0113tu biogr\u0101fiju un CV, k\u0101 izstr\u0101d\u0101t preses rel\u012bzes, kuras var izmantot, lai inform\u0113tu medijus par svar\u012bgiem notikumiem, p\u0101rvald\u012bt savus soci\u0101lo mediju profilus public\u0113jot saturu, kas atbilst indiv\u012bda m\u0113r\u0137iem un interes\u0113m, piedal\u012bties un uzst\u0101ties sabiedriskos pas\u0101kumos, konferenc\u0113s, semin\u0101ros un pane\u013cdiskusij\u0101s, sadarbojieties ar nevalstiskaj\u0101m organiz\u0101cij\u0101m un kopien\u0101m, lai par\u0101d\u012btu savu iesaisti un atbalstu sabiedriski noz\u012bm\u012bg\u0101m liet\u0101m.<\/p>\n\n\n\n<p>Ruta Orlova, 26467724<\/p>\n\n\n\n<p><em>Publik\u0101cija tapusi projekta \u201cGudra Sabiedr\u012bba &#8211; Seniori R\u012bc\u012bb\u0101\u201d ietvaros.<br>Projektu finansi\u0101li atbalsta Sabiedr\u012bbas integr\u0101cijas fonds no Latvijas valsts bud\u017eeta l\u012bdzek\u013ciem.<\/em><\/p>\n","protected":false},"excerpt":{"rendered":"<p>\u012apa\u0161a tik\u0161an\u0101s ar pieredz\u0113ju\u0161u radio un telev\u012bzijas \u017eurn\u0101listu, lai diskut\u0113tu par t\u0113mu &#8220;K\u0101 par sevi past\u0101st\u012bt sabiedr\u012bbai, politi\u0137iem un \u017eurn\u0101listiem&#8221;. Pas\u0101kums notika 2. apr\u012bl\u012b Kuld\u012bgas M\u0101kslas nam\u0101. Mediju un sabiedrisko attiec\u012bbu prasmes ir noz\u012bm\u012bgas ikvienam, kur\u0161 v\u0113las, lai vi\u0146a balss tiktu sadzird\u0113ta. Senioriem ir bag\u0101ta dz\u012bves pieredze un svar\u012bgas idejas, kas var b\u016bt noder\u012bgas sabiedr\u012bbai. [&hellip;]<\/p>\n","protected":false},"author":3,"featured_media":0,"comment_status":"closed","ping_status":"open","sticky":false,"template":"","format":"standard","meta":{"ngg_post_thumbnail":0,"footnotes":""},"categories":[64],"tags":[],"class_list":["post-1177","post","type-post","status-publish","format-standard","hentry","category-pasakums"],"_links":{"self":[{"href":"http:\/\/kuldigassenioruskola.lv\/index.php\/wp-json\/wp\/v2\/posts\/1177","targetHints":{"allow":["GET"]}}],"collection":[{"href":"http:\/\/kuldigassenioruskola.lv\/index.php\/wp-json\/wp\/v2\/posts"}],"about":[{"href":"http:\/\/kuldigassenioruskola.lv\/index.php\/wp-json\/wp\/v2\/types\/post"}],"author":[{"embeddable":true,"href":"http:\/\/kuldigassenioruskola.lv\/index.php\/wp-json\/wp\/v2\/users\/3"}],"replies":[{"embeddable":true,"href":"http:\/\/kuldigassenioruskola.lv\/index.php\/wp-json\/wp\/v2\/comments?post=1177"}],"version-history":[{"count":3,"href":"http:\/\/kuldigassenioruskola.lv\/index.php\/wp-json\/wp\/v2\/posts\/1177\/revisions"}],"predecessor-version":[{"id":1810,"href":"http:\/\/kuldigassenioruskola.lv\/index.php\/wp-json\/wp\/v2\/posts\/1177\/revisions\/1810"}],"wp:attachment":[{"href":"http:\/\/kuldigassenioruskola.lv\/index.php\/wp-json\/wp\/v2\/media?parent=1177"}],"wp:term":[{"taxonomy":"category","embeddable":true,"href":"http:\/\/kuldigassenioruskola.lv\/index.php\/wp-json\/wp\/v2\/categories?post=1177"},{"taxonomy":"post_tag","embeddable":true,"href":"http:\/\/kuldigassenioruskola.lv\/index.php\/wp-json\/wp\/v2\/tags?post=1177"}],"curies":[{"name":"wp","href":"https:\/\/api.w.org\/{rel}","templated":true}]}}