{"id":354,"date":"2022-03-18T11:46:50","date_gmt":"2022-03-18T08:46:50","guid":{"rendered":"http:\/\/kuldigassenioruskola.lv\/?p=354"},"modified":"2022-03-18T11:48:30","modified_gmt":"2022-03-18T08:48:30","slug":"ko-likt-arkartas-gadijumu-72h-soma","status":"publish","type":"post","link":"http:\/\/kuldigassenioruskola.lv\/index.php\/2022\/03\/18\/ko-likt-arkartas-gadijumu-72h-soma\/","title":{"rendered":"Ko likt \u0101rk\u0101rtas gad\u012bjumu 72h som\u0101 ?"},"content":{"rendered":"\nngg_shortcode_0_placeholder\n\n\n\n<p><strong>Kuld\u012bgas Senioru skola 16. mart\u0101 <\/strong>Kuld\u012bgas galven\u0101s bibliot\u0113kas m\u0101kslas nam\u0101 aicin\u0101ja seniorus uz tik\u0161anos ar :<\/p>\n\n\n\n<p><strong>Kuld\u012bgas novada Domes priek\u0161s\u0113d\u0113t\u0101ju <\/strong><strong>Ingu B\u0113rzi\u0146u ,<\/strong><\/p>\n\n\n\n<p><em>Zemessardzes<\/em> 4. Kurzemes brig\u0101des 45. kaujas nodro\u0161in\u0101juma bataljona<strong>komandieri <\/strong><strong>pulkve\u017eleitnantu Rinatu A\u017e\u0113nu,<\/strong><\/p>\n\n\n\n<p><strong>&nbsp;<\/strong><em>Zemessardzes<\/em> 4. Kurzemes brig\u0101des 45. kaujas nodro\u0161in\u0101juma bataljona<strong>ser\u017eantu Kristapu Grundmani <\/strong><strong>un<\/strong><\/p>\n\n\n\n<p><strong>Kuld\u012bgas novada pa\u0161vald\u012bbas saimniec\u012bbas da\u013cas vad\u012bt\u0101ju un Civil\u0101s aizsardz\u012bbas komisijas locekli<\/strong><strong> <\/strong><strong>Dzintaru Pakalnu <\/strong><strong>, lai g\u016btu atbildes uz neskaidriem jaut\u0101jumiem par situ\u0101ciju Kuld\u012bgas novad\u0101, saist\u012bb\u0101 ar karadarb\u012bbu Ukrain\u0101.<\/strong><\/p>\n\n\n\n<p><a href=\"https:\/\/www.google.com\/url?sa=t&amp;rct=j&amp;q=&amp;esrc=s&amp;source=web&amp;cd=&amp;cad=rja&amp;uact=8&amp;ved=2ahUKEwjpzebP6cr2AhUnQ_EDHZ4mBc4QFnoECAoQAQ&amp;url=https%3A%2F%2Fwww.kuldiga.lv%2Faktualitates%2F6432-ka-sobrid-vislabak-atbalstit-ukrainas-tautu%3Fcomment&amp;usg=AOvVaw1Cnvuw43c_JFerNeK2En5v\">K\u0101 \u0161obr\u012bd vislab\u0101k atbalst\u012bt Ukrainas tautu?<\/a><\/p>\n\n\n\n<p>&nbsp;<a href=\"https:\/\/www.google.com\/url?sa=t&amp;rct=j&amp;q=&amp;esrc=s&amp;source=web&amp;cd=&amp;cad=rja&amp;uact=8&amp;ved=2ahUKEwjpzebP6cr2AhUnQ_EDHZ4mBc4QtwJ6BAgCEAI&amp;url=https%3A%2F%2Fwww.youtube.com%2Fwatch%3Fv%3De_r3x2y5_1E&amp;usg=AOvVaw1BtRXKOXZXZeD9VXK-knPS\">Atbalsts Ukrainas b\u0113g\u013ciem Kuld\u012bgas novad\u0101?<\/a><\/p>\n\n\n\n<p><a href=\"https:\/\/www.google.com\/url?sa=t&amp;rct=j&amp;q=&amp;esrc=s&amp;source=web&amp;cd=&amp;cad=rja&amp;uact=8&amp;ved=2ahUKEwjpzebP6cr2AhUnQ_EDHZ4mBc4QFnoECBQQAQ&amp;url=https%3A%2F%2Fwww.nva.gov.lv%2Flv%2Fukrainas-kara-begliem-kuri-mekle-darba-iespejas&amp;usg=AOvVaw1esVzlWAusb55BHnp2gdq3\">K\u0101 r\u012bkoties \u0101rk\u0101rtas gad\u012bjum\u0101, k\u0101 sevi pasarg\u0101t kr\u012bzes situ\u0101cij\u0101?<\/a><\/p>\n\n\n\n<p>&nbsp;Ko likt \u0101rk\u0101rtas gad\u012bjumu 72h som\u0101 ?<\/p>\n\n\n\n<p><strong>Aicin\u0101m uz tik\u0161anos 16.mart\u0101 plkst. 11.00 &nbsp;<\/strong>Kuld\u012bgas galven\u0101s bibliot\u0113kas m\u0101kslas nam\u0101 <strong>ar Kuld\u012bgas novada Domes priek\u0161s\u0113d\u0113t\u0101ju <\/strong><strong>Ingu B\u0113rzi\u0146u<\/strong><strong> un p<\/strong>ulkvedi <strong>Andri Riekstu &nbsp;<\/strong>Zemessardzes 4. Kurzemes brig\u0101deskomandieri, lai g\u016btu atbildes uz neskaidriem jaut\u0101jumiem&nbsp; par situ\u0101ciju Kuld\u012bg\u0101, novad\u0101 , Latvij\u0101, saist\u012bb\u0101 ar karadarb\u012bbu Ukrain\u0101.<\/p>\n\n\n\n<p>Ruta Orlova<\/p>\n\n\n\n<p>26467724<\/p>\n","protected":false},"excerpt":{"rendered":"<p>Kuld\u012bgas Senioru skola 16. mart\u0101 Kuld\u012bgas galven\u0101s bibliot\u0113kas m\u0101kslas nam\u0101 aicin\u0101ja seniorus uz tik\u0161anos ar : Kuld\u012bgas novada Domes priek\u0161s\u0113d\u0113t\u0101ju Ingu B\u0113rzi\u0146u , Zemessardzes 4. Kurzemes brig\u0101des 45. kaujas nodro\u0161in\u0101juma bataljonakomandieri pulkve\u017eleitnantu Rinatu A\u017e\u0113nu, &nbsp;Zemessardzes 4. Kurzemes brig\u0101des 45. kaujas nodro\u0161in\u0101juma bataljonaser\u017eantu Kristapu Grundmani un Kuld\u012bgas novada pa\u0161vald\u012bbas saimniec\u012bbas da\u013cas vad\u012bt\u0101ju un Civil\u0101s aizsardz\u012bbas komisijas [&hellip;]<\/p>\n","protected":false},"author":3,"featured_media":0,"comment_status":"open","ping_status":"open","sticky":false,"template":"","format":"standard","meta":{"ngg_post_thumbnail":0,"footnotes":""},"categories":[10,42,26],"tags":[],"class_list":["post-354","post","type-post","status-publish","format-standard","hentry","category-aktivitates","category-aktualitates","category-sadarbiba"],"_links":{"self":[{"href":"http:\/\/kuldigassenioruskola.lv\/index.php\/wp-json\/wp\/v2\/posts\/354","targetHints":{"allow":["GET"]}}],"collection":[{"href":"http:\/\/kuldigassenioruskola.lv\/index.php\/wp-json\/wp\/v2\/posts"}],"about":[{"href":"http:\/\/kuldigassenioruskola.lv\/index.php\/wp-json\/wp\/v2\/types\/post"}],"author":[{"embeddable":true,"href":"http:\/\/kuldigassenioruskola.lv\/index.php\/wp-json\/wp\/v2\/users\/3"}],"replies":[{"embeddable":true,"href":"http:\/\/kuldigassenioruskola.lv\/index.php\/wp-json\/wp\/v2\/comments?post=354"}],"version-history":[{"count":2,"href":"http:\/\/kuldigassenioruskola.lv\/index.php\/wp-json\/wp\/v2\/posts\/354\/revisions"}],"predecessor-version":[{"id":361,"href":"http:\/\/kuldigassenioruskola.lv\/index.php\/wp-json\/wp\/v2\/posts\/354\/revisions\/361"}],"wp:attachment":[{"href":"http:\/\/kuldigassenioruskola.lv\/index.php\/wp-json\/wp\/v2\/media?parent=354"}],"wp:term":[{"taxonomy":"category","embeddable":true,"href":"http:\/\/kuldigassenioruskola.lv\/index.php\/wp-json\/wp\/v2\/categories?post=354"},{"taxonomy":"post_tag","embeddable":true,"href":"http:\/\/kuldigassenioruskola.lv\/index.php\/wp-json\/wp\/v2\/tags?post=354"}],"curies":[{"name":"wp","href":"https:\/\/api.w.org\/{rel}","templated":true}]}}