{"id":99,"date":"2020-04-14T17:10:00","date_gmt":"2020-04-14T14:10:00","guid":{"rendered":"http:\/\/kuldigassenioruskola.lv\/?p=99"},"modified":"2021-11-30T17:11:01","modified_gmt":"2021-11-30T14:11:01","slug":"atbalstiti-projekti-programma-pats-savam-saimes-galdam","status":"publish","type":"post","link":"http:\/\/kuldigassenioruskola.lv\/index.php\/2020\/04\/14\/atbalstiti-projekti-programma-pats-savam-saimes-galdam\/","title":{"rendered":"Atbalst\u012bti projekti programm\u0101 \u201cPats savam SAIMES GALDAM\u201d"},"content":{"rendered":"\n<p>Nosl\u0113dzoties Borisa un In\u0101ras Teterevu fonda projektu konkursam programm\u0101 \u201cPats savam SAIMES GALDAM\u201d, atbalstu ieguva 12 bezpe\u013c\u0146as organiz\u0101cijas.<br>Kuld\u012bgas biedr\u012bba Kuld\u012bgas senioru skola aptvers 15 Kuld\u012bgas novada senioru m\u0101jsaimniec\u012bbas. T\u0101s sa\u0146ems s\u0113klas, st\u0101dus, m\u0113slojumus un darba r\u012bkus. Rezult\u0101t\u0101 seniori un vi\u0146u \u0123imenes b\u016bs nodro\u0161in\u0101ti ilgtermi\u0146\u0101 ar pa\u0161izaudz\u0113tu un sagatavotu produkciju. Senioriem b\u016bs iesp\u0113ja savas zin\u0101\u0161anas par d\u0101rze\u0146u un augu audz\u0113\u0161anu, k\u0101 ar\u012b konserv\u0113\u0161anu nodot l\u012bdzcilv\u0113kiem. Bet citiem \u2013 \u0161o pieredzi smelties un bag\u0101tin\u0101t savas zin\u0101\u0161anas.<\/p>\n\n\n\n<p>Vair\u0101k: <a href=\"https:\/\/www.teterevufonds.lv\/jaunumi\/teterevu-fonds-250-majsaimniecibam-palidzes-uzlabot-dzives-apstaklus\/\">https:\/\/www.teterevufonds.lv\/jaunumi\/teterevu-fonds-250-majsaimniecibam-palidzes-uzlabot-dzives-apstaklus\/<\/a><\/p>\n","protected":false},"excerpt":{"rendered":"<p>Nosl\u0113dzoties Borisa un In\u0101ras Teterevu fonda projektu konkursam programm\u0101 \u201cPats savam SAIMES GALDAM\u201d, atbalstu ieguva 12 bezpe\u013c\u0146as organiz\u0101cijas.Kuld\u012bgas biedr\u012bba Kuld\u012bgas senioru skola aptvers 15 Kuld\u012bgas novada senioru m\u0101jsaimniec\u012bbas. T\u0101s sa\u0146ems s\u0113klas, st\u0101dus, m\u0113slojumus un darba r\u012bkus. Rezult\u0101t\u0101 seniori un vi\u0146u \u0123imenes b\u016bs nodro\u0161in\u0101ti ilgtermi\u0146\u0101 ar pa\u0161izaudz\u0113tu un sagatavotu produkciju. Senioriem b\u016bs iesp\u0113ja savas zin\u0101\u0161anas par [&hellip;]<\/p>\n","protected":false},"author":3,"featured_media":100,"comment_status":"open","ping_status":"open","sticky":false,"template":"","format":"standard","meta":{"ngg_post_thumbnail":0,"footnotes":""},"categories":[10,23],"tags":[5,7,17,21,16,13],"class_list":["post-99","post","type-post","status-publish","format-standard","has-post-thumbnail","hentry","category-aktivitates","category-projekti","tag-kuldigas-senioru-skola","tag-nodarbibas","tag-pats-savam-saimes-galdam","tag-projekti","tag-teterevu-fonds","tag-veseliba"],"_links":{"self":[{"href":"http:\/\/kuldigassenioruskola.lv\/index.php\/wp-json\/wp\/v2\/posts\/99","targetHints":{"allow":["GET"]}}],"collection":[{"href":"http:\/\/kuldigassenioruskola.lv\/index.php\/wp-json\/wp\/v2\/posts"}],"about":[{"href":"http:\/\/kuldigassenioruskola.lv\/index.php\/wp-json\/wp\/v2\/types\/post"}],"author":[{"embeddable":true,"href":"http:\/\/kuldigassenioruskola.lv\/index.php\/wp-json\/wp\/v2\/users\/3"}],"replies":[{"embeddable":true,"href":"http:\/\/kuldigassenioruskola.lv\/index.php\/wp-json\/wp\/v2\/comments?post=99"}],"version-history":[{"count":1,"href":"http:\/\/kuldigassenioruskola.lv\/index.php\/wp-json\/wp\/v2\/posts\/99\/revisions"}],"predecessor-version":[{"id":101,"href":"http:\/\/kuldigassenioruskola.lv\/index.php\/wp-json\/wp\/v2\/posts\/99\/revisions\/101"}],"wp:featuredmedia":[{"embeddable":true,"href":"http:\/\/kuldigassenioruskola.lv\/index.php\/wp-json\/wp\/v2\/media\/100"}],"wp:attachment":[{"href":"http:\/\/kuldigassenioruskola.lv\/index.php\/wp-json\/wp\/v2\/media?parent=99"}],"wp:term":[{"taxonomy":"category","embeddable":true,"href":"http:\/\/kuldigassenioruskola.lv\/index.php\/wp-json\/wp\/v2\/categories?post=99"},{"taxonomy":"post_tag","embeddable":true,"href":"http:\/\/kuldigassenioruskola.lv\/index.php\/wp-json\/wp\/v2\/tags?post=99"}],"curies":[{"name":"wp","href":"https:\/\/api.w.org\/{rel}","templated":true}]}}