{"id":1588,"date":"2025-09-10T14:51:09","date_gmt":"2025-09-10T11:51:09","guid":{"rendered":"https:\/\/kuldigassenioruskola.lv\/?p=1588"},"modified":"2025-09-15T14:54:12","modified_gmt":"2025-09-15T11:54:12","slug":"kuldiga-notiks-latvijas-senioru-festivals-muzs-ka-zinasanu-cels","status":"publish","type":"post","link":"https:\/\/kuldigassenioruskola.lv\/index.php\/2025\/09\/10\/kuldiga-notiks-latvijas-senioru-festivals-muzs-ka-zinasanu-cels\/","title":{"rendered":"Kuld\u012bg\u0101 notiks Latvijas Senioru festiv\u0101ls \u201cM\u016b\u017es k\u0101 zin\u0101\u0161anu ce\u013c\u0161\u201d"},"content":{"rendered":"\n<p>2025.gada 17.septembr\u012b Kuld\u012bg\u0101 norisin\u0101sies Tre\u0161\u0101s paaudzes universit\u0101\u0161u NVO festiv\u0101ls \u201cM\u016b\u017es k\u0101 zin\u0101\u0161anu ce\u013c\u0161\u201d, kas pulc\u0113s senioru skolas, NVO, izgl\u012bt\u012bbas ekspertus no visas Latvijas, k\u0101 ar\u012b \u0101rvalstu p\u0101rst\u0101vjus. Pas\u0101kuma centr\u0101 b\u016bs ideja par jaunas vecumdienu kult\u016bras veido\u0161anu, kur seniori ir akt\u012bvi sabiedr\u012bbas locek\u013ci, m\u0101c\u0101s, dal\u0101s pieredz\u0113 un iesaist\u0101s valsts att\u012bst\u012bbas procesos.<\/p>\n\n\n\n<p>Festiv\u0101lu atkl\u0101s projekta vad\u012bt\u0101ja, Vidusdaugavas NVO centra valdes priek\u0161s\u0113d\u0113t\u0101ja un Latvijas Tre\u0161\u0101s paaudzes universit\u0101\u0161u asoci\u0101cijas vad\u012bt\u0101ja Agita Pleiko, uzsverot senioru m\u016b\u017eizgl\u012bt\u012bbas noz\u012bmi: \u201cSeniors k\u0101 pilnv\u0113rt\u012bgs sabiedr\u012bbas dal\u012bbnieks visa m\u016b\u017ea ilgum\u0101, kas apg\u016bst zin\u0101\u0161anas, vingrina un tren\u0113 \u0137ermeni un pr\u0101tu, iesaist\u0101s sabiedriskajos procesos \u2013 tas ir par Tre\u0161\u0101s paaudzes universit\u0101t\u0113m jeb, k\u0101 t\u0101s atpaz\u012bst Latvij\u0101, par senioru skol\u0101m. Ir labi, ka valsts s\u0101k ieklaus\u012bties, sadzird\u0113t un atbalst\u012bt, jo sabiedr\u012bbas noveco\u0161an\u0101s vairs nav t\u0101la un abstrakta probl\u0113ma \u2013 t\u0101 jau \u0161odien ir m\u016bsu realit\u0101te, kas j\u0101\u0146em v\u0113r\u0101, gan pl\u0101nojot valsts politikas, gan piev\u0113r\u0161oties Eiropas daudzgadu bud\u017eeta pl\u0101nu iecer\u0113m. Senioru skolas jeb Tre\u0161\u0101s paaudzes universit\u0101tes ir t\u0101 r\u012bc\u012bba, kas mums var aiztaup\u012bt r\u016bpes mekl\u0113t idejas \u2013 k\u0101 saglab\u0101t noveco\u0161anos maksim\u0101li vesel\u012bgu. Kol\u0113\u0123i ab\u0101s p\u0101r\u0113j\u0101s Baltijas valst\u012bs, un ne tikai, to ieviesu\u0161i jau sen \u2013 ir pien\u0101cis laiks ar\u012b Latvijai sekot \u0161im piem\u0113ram!\u201d<\/p>\n\n\n\n<p>Festiv\u0101l\u0101 svin\u012bg\u0101s uzrunas teiks Saeimas priek\u0161s\u0113d\u0113t\u0101ja Daiga Mieri\u0146a un bijus\u012b Latvijas Valsts prezidente un Tre\u0161\u0101s paaudzes universit\u0101\u0161u idejas patronese Vaira V\u012b\u0137e-Freiberga. Pas\u0101kum\u0101 piedal\u012bsies ar\u012b Saeimas deput\u0101te Inga B\u0113rzi\u0146a, Kuld\u012bgas novada domes priek\u0161s\u0113d\u0113t\u0101ja Inese Asta\u0161evska, Labkl\u0101j\u012bbas ministrs Reinis Uzulnieks, Vesel\u012bbas ministrs Hosams Abu Meri, k\u0101 ar\u012b vair\u0101ku ministriju un augstskolu p\u0101rst\u0101vji, tiekoties div\u0101s diskusij\u0101s.<\/p>\n\n\n\n<p>Starptautisko pieredzi prezent\u0113s eksperti no Portug\u0101les, Polijas, Lietuvas un Igaunijas, daloties st\u0101st\u012bjumos par senioru izgl\u012bt\u012bbas lomu valsts politik\u0101 un sabiedr\u012bbas att\u012bst\u012bb\u0101. Dal\u012bbniekiem paredz\u0113tas 15 rado\u0161\u0101s darbn\u012bcas Kuld\u012bg\u0101 un \u0101rpus pils\u0113tas.<\/p>\n\n\n\n<p>Festiv\u0101la nosl\u0113gum\u0101 notiks kop\u012bgs Senioru skolu priek\u0161nesums ukule\u013cu or\u0137estra pavad\u012bjum\u0101, k\u0101 ar\u012b gaid\u0101ms muzik\u0101ls Kurzemes p\u0101rsteigums.<\/p>\n\n\n\n<p>Pas\u0101kuma moto \u2013 \u201cPievieno gadiem dz\u012bvi!\u201d \u2013 atg\u0101dina, ka dz\u012bve, neatkar\u012bgi no vecuma ir nep\u0101rtraukts zin\u0101\u0161anu un pieredzes ce\u013c\u0161.<\/p>\n\n\n\n<figure class=\"wp-block-image size-large\"><img loading=\"lazy\" decoding=\"async\" width=\"724\" height=\"1024\" src=\"https:\/\/kuldigassenioruskola.lv\/wp-content\/uploads\/2025\/09\/festivals17.09.2025-724x1024.png\" alt=\"\" class=\"wp-image-1589\" srcset=\"https:\/\/kuldigassenioruskola.lv\/wp-content\/uploads\/2025\/09\/festivals17.09.2025-724x1024.png 724w, https:\/\/kuldigassenioruskola.lv\/wp-content\/uploads\/2025\/09\/festivals17.09.2025-212x300.png 212w, https:\/\/kuldigassenioruskola.lv\/wp-content\/uploads\/2025\/09\/festivals17.09.2025-768x1086.png 768w, https:\/\/kuldigassenioruskola.lv\/wp-content\/uploads\/2025\/09\/festivals17.09.2025-1086x1536.png 1086w, https:\/\/kuldigassenioruskola.lv\/wp-content\/uploads\/2025\/09\/festivals17.09.2025-1200x1697.png 1200w, https:\/\/kuldigassenioruskola.lv\/wp-content\/uploads\/2025\/09\/festivals17.09.2025.png 1269w\" sizes=\"auto, (max-width: 724px) 100vw, 724px\" \/><\/figure>\n","protected":false},"excerpt":{"rendered":"<p>2025.gada 17.septembr\u012b Kuld\u012bg\u0101 norisin\u0101sies Tre\u0161\u0101s paaudzes universit\u0101\u0161u NVO festiv\u0101ls \u201cM\u016b\u017es k\u0101 zin\u0101\u0161anu ce\u013c\u0161\u201d, kas pulc\u0113s senioru skolas, NVO, izgl\u012bt\u012bbas ekspertus no visas Latvijas, k\u0101 ar\u012b \u0101rvalstu p\u0101rst\u0101vjus. Pas\u0101kuma centr\u0101 b\u016bs ideja par jaunas vecumdienu kult\u016bras veido\u0161anu, kur seniori ir akt\u012bvi sabiedr\u012bbas locek\u013ci, m\u0101c\u0101s, dal\u0101s pieredz\u0113 un iesaist\u0101s valsts att\u012bst\u012bbas procesos. Festiv\u0101lu atkl\u0101s projekta vad\u012bt\u0101ja, Vidusdaugavas [&hellip;]<\/p>\n","protected":false},"author":3,"featured_media":0,"comment_status":"closed","ping_status":"open","sticky":false,"template":"","format":"standard","meta":{"ngg_post_thumbnail":0,"footnotes":""},"categories":[1],"tags":[],"class_list":["post-1588","post","type-post","status-publish","format-standard","hentry","category-uncategorized"],"_links":{"self":[{"href":"https:\/\/kuldigassenioruskola.lv\/index.php\/wp-json\/wp\/v2\/posts\/1588","targetHints":{"allow":["GET"]}}],"collection":[{"href":"https:\/\/kuldigassenioruskola.lv\/index.php\/wp-json\/wp\/v2\/posts"}],"about":[{"href":"https:\/\/kuldigassenioruskola.lv\/index.php\/wp-json\/wp\/v2\/types\/post"}],"author":[{"embeddable":true,"href":"https:\/\/kuldigassenioruskola.lv\/index.php\/wp-json\/wp\/v2\/users\/3"}],"replies":[{"embeddable":true,"href":"https:\/\/kuldigassenioruskola.lv\/index.php\/wp-json\/wp\/v2\/comments?post=1588"}],"version-history":[{"count":1,"href":"https:\/\/kuldigassenioruskola.lv\/index.php\/wp-json\/wp\/v2\/posts\/1588\/revisions"}],"predecessor-version":[{"id":1590,"href":"https:\/\/kuldigassenioruskola.lv\/index.php\/wp-json\/wp\/v2\/posts\/1588\/revisions\/1590"}],"wp:attachment":[{"href":"https:\/\/kuldigassenioruskola.lv\/index.php\/wp-json\/wp\/v2\/media?parent=1588"}],"wp:term":[{"taxonomy":"category","embeddable":true,"href":"https:\/\/kuldigassenioruskola.lv\/index.php\/wp-json\/wp\/v2\/categories?post=1588"},{"taxonomy":"post_tag","embeddable":true,"href":"https:\/\/kuldigassenioruskola.lv\/index.php\/wp-json\/wp\/v2\/tags?post=1588"}],"curies":[{"name":"wp","href":"https:\/\/api.w.org\/{rel}","templated":true}]}}