{"id":815,"date":"2023-01-26T17:52:28","date_gmt":"2023-01-26T14:52:28","guid":{"rendered":"http:\/\/kuldigassenioruskola.lv\/?p=815"},"modified":"2023-01-26T19:00:53","modified_gmt":"2023-01-26T16:00:53","slug":"eiropas-demokratijas-galvaspilseta","status":"publish","type":"post","link":"https:\/\/kuldigassenioruskola.lv\/index.php\/2023\/01\/26\/eiropas-demokratijas-galvaspilseta\/","title":{"rendered":"EIROPAS DEMOKR\u0100TIJAS GALVASPILS\u0112TA"},"content":{"rendered":"\n<figure class=\"wp-block-image size-full is-resized\"><img loading=\"lazy\" decoding=\"async\" src=\"http:\/\/kuldigassenioruskola.lv\/wp-content\/uploads\/2023\/01\/image-13.png\" alt=\"\" class=\"wp-image-818\" width=\"720\" height=\"296\" srcset=\"https:\/\/kuldigassenioruskola.lv\/wp-content\/uploads\/2023\/01\/image-13.png 865w, https:\/\/kuldigassenioruskola.lv\/wp-content\/uploads\/2023\/01\/image-13-300x123.png 300w, https:\/\/kuldigassenioruskola.lv\/wp-content\/uploads\/2023\/01\/image-13-768x316.png 768w\" sizes=\"auto, (max-width: 720px) 100vw, 720px\" \/><figcaption class=\"wp-element-caption\">2023.gada Eiropas demokr\u0101tijas galvaspils\u0113ta &#8211; Barselona<\/figcaption><\/figure>\n\n\n\n<p>Eiropa ir lab\u0101kais veids, k\u0101 vesel\u012bg\u0101 un plauksto\u0161\u0101\u00a0<em>demokr\u0101tij\u0101<\/em>\u00a0pilso\u0146i var br\u012bvi paust savus uzskatus, izv\u0113l\u0113ties politiskos l\u012bderus, un vi\u0146iem ir teik\u0161ana par savu n\u0101kotni. Kuld\u012bgas Senioru skolas vad\u012bt\u0101ja Ruta Orlova pievienoj\u0101s Eiropas Demokr\u0101tijas galvaspils\u0113tas \u017e\u016brijai, lai atbalst\u012btu \u0161o misiju. <\/p>\n","protected":false},"excerpt":{"rendered":"<p>Eiropa ir lab\u0101kais veids, k\u0101 vesel\u012bg\u0101 un plauksto\u0161\u0101\u00a0demokr\u0101tij\u0101\u00a0pilso\u0146i var br\u012bvi paust savus uzskatus, izv\u0113l\u0113ties politiskos l\u012bderus, un vi\u0146iem ir teik\u0161ana par savu n\u0101kotni. Kuld\u012bgas Senioru skolas vad\u012bt\u0101ja Ruta Orlova pievienoj\u0101s Eiropas Demokr\u0101tijas galvaspils\u0113tas \u017e\u016brijai, lai atbalst\u012btu \u0161o misiju.<\/p>\n","protected":false},"author":3,"featured_media":0,"comment_status":"closed","ping_status":"open","sticky":false,"template":"","format":"standard","meta":{"ngg_post_thumbnail":0,"footnotes":""},"categories":[42,69],"tags":[35],"class_list":["post-815","post","type-post","status-publish","format-standard","hentry","category-aktualitates","category-informacija","tag-demokratijas-festivals"],"_links":{"self":[{"href":"https:\/\/kuldigassenioruskola.lv\/index.php\/wp-json\/wp\/v2\/posts\/815","targetHints":{"allow":["GET"]}}],"collection":[{"href":"https:\/\/kuldigassenioruskola.lv\/index.php\/wp-json\/wp\/v2\/posts"}],"about":[{"href":"https:\/\/kuldigassenioruskola.lv\/index.php\/wp-json\/wp\/v2\/types\/post"}],"author":[{"embeddable":true,"href":"https:\/\/kuldigassenioruskola.lv\/index.php\/wp-json\/wp\/v2\/users\/3"}],"replies":[{"embeddable":true,"href":"https:\/\/kuldigassenioruskola.lv\/index.php\/wp-json\/wp\/v2\/comments?post=815"}],"version-history":[{"count":3,"href":"https:\/\/kuldigassenioruskola.lv\/index.php\/wp-json\/wp\/v2\/posts\/815\/revisions"}],"predecessor-version":[{"id":824,"href":"https:\/\/kuldigassenioruskola.lv\/index.php\/wp-json\/wp\/v2\/posts\/815\/revisions\/824"}],"wp:attachment":[{"href":"https:\/\/kuldigassenioruskola.lv\/index.php\/wp-json\/wp\/v2\/media?parent=815"}],"wp:term":[{"taxonomy":"category","embeddable":true,"href":"https:\/\/kuldigassenioruskola.lv\/index.php\/wp-json\/wp\/v2\/categories?post=815"},{"taxonomy":"post_tag","embeddable":true,"href":"https:\/\/kuldigassenioruskola.lv\/index.php\/wp-json\/wp\/v2\/tags?post=815"}],"curies":[{"name":"wp","href":"https:\/\/api.w.org\/{rel}","templated":true}]}}